{"id":13143,"date":"2026-09-04T10:26:05","date_gmt":"2026-09-04T07:26:05","guid":{"rendered":"https:\/\/salihliosb.org.tr\/?p=13143"},"modified":"2026-09-04T10:28:05","modified_gmt":"2026-09-04T07:28:05","slug":"salihli-organize-sanayi-bolgesinde-sozlesmeli-tarimsal-uretim-bilgi-alisverisi-toplantisi-2026-2","status":"publish","type":"post","link":"https:\/\/salihliosb.org.tr\/en\/salihli-organize-sanayi-bolgesinde-sozlesmeli-tarimsal-uretim-bilgi-alisverisi-toplantisi-2026-2\/","title":{"rendered":"CONTRACTED AGRICULTURAL PRODUCTION INFORMATION EXCHANGE MEETING IN SALIHLI ORGANIZED INDUSTRIAL ZONE"},"content":{"rendered":"<div data-elementor-type=\"wp-post\" data-elementor-id=\"13143\" class=\"elementor elementor-13143\" data-elementor-post-type=\"post\">\n\t\t\t\t        <section class=\"elementor-section elementor-top-section elementor-element elementor-element-0c45a88 elementor-section-boxed elementor-section-height-default elementor-section-height-default pxl-type-header-none pxl-row-scroll-none pxl-bg-color-none pxl-section-overlay-none\" data-id=\"0c45a88\" data-element_type=\"section\">\n\n                \n                <div class=\"elementor-container elementor-column-gap-default\">\n                <div class=\"elementor-column elementor-col-100 elementor-top-column elementor-element elementor-element-682154a pxl-col-none pxl-column-none\" data-id=\"682154a\" data-element_type=\"column\">\r\n        <div class=\"elementor-widget-wrap\">\r\n                     \r\n                    <\/div>\r\n        <\/div>\r\n        \t\t\t<\/div>\n\t\t<\/section>\n\t\t        <section class=\"elementor-section elementor-top-section elementor-element elementor-element-1613bc7c elementor-section-boxed elementor-section-height-default elementor-section-height-default pxl-type-header-none pxl-row-scroll-none pxl-bg-color-none pxl-section-overlay-none\" data-id=\"1613bc7c\" data-element_type=\"section\">\n\n                \n                <div class=\"elementor-container elementor-column-gap-default\">\n                <div class=\"elementor-column elementor-col-100 elementor-top-column elementor-element elementor-element-738cedb3 pxl-col-none pxl-column-none\" data-id=\"738cedb3\" data-element_type=\"column\">\r\n        <div class=\"elementor-widget-wrap elementor-element-populated\">\r\n                     \r\n        \t\t<div class=\"elementor-element elementor-element-74087dd2 elementor-widget elementor-widget-text-editor\" data-id=\"74087dd2\" data-element_type=\"widget\" data-widget_type=\"text-editor.default\">\n\t\t\t\t<div class=\"elementor-widget-container\">\n\t\t\t<style>\/*! elementor - v3.22.0 - 26-06-2024 *\/\n.elementor-widget-text-editor.elementor-drop-cap-view-stacked .elementor-drop-cap{background-color:#69727d;color:#fff}.elementor-widget-text-editor.elementor-drop-cap-view-framed .elementor-drop-cap{color:#69727d;border:3px solid;background-color:transparent}.elementor-widget-text-editor:not(.elementor-drop-cap-view-default) .elementor-drop-cap{margin-top:8px}.elementor-widget-text-editor:not(.elementor-drop-cap-view-default) .elementor-drop-cap-letter{width:1em;height:1em}.elementor-widget-text-editor .elementor-drop-cap{float:left;text-align:center;line-height:1;font-size:50px}.elementor-widget-text-editor .elementor-drop-cap-letter{display:inline-block}<\/style>\t\t\t\t<h2>CONTRACTED AGRICULTURAL PRODUCTION INFORMATION EXCHANGE MEETING IN SALIHLI ORGANIZED INDUSTRIAL ZONE<\/h2><div><p>Ziyaret kapsam\u0131nda, Salihli Kaymakam\u0131 Say\u0131n Ali G\u00fcldo\u011fan ba\u015fkanl\u0131\u011f\u0131nda; OSB Y\u00f6netim Kurulu \u00dcyemiz Ercan Petekkaya, Salihli TSO Y\u00f6netim Kurulu Ba\u015fkan\u0131 \u0130brahim Y\u00fcksel, OSB M\u00fcd\u00fcr\u00fc \u00c7a\u011fr\u0131 Duygu ve OSB\u2019de faaliyet g\u00f6steren \u00fcretici firmalar\u0131n temsilcileri bir araya geldi. \u0130l\u00e7e Tar\u0131m ve Orman M\u00fcd\u00fcrl\u00fc\u011f\u00fc taraf\u0131ndan, \u00fcretimin planlanmas\u0131 ve s\u00f6zle\u015fmeli tar\u0131msal \u00fcretim modeli konular\u0131nda bilgilendirme sunumu ger\u00e7ekle\u015ftirildi.<br \/>Toplant\u0131da; il\u00e7emizin tar\u0131msal \u00fcretim potansiyeli, arazi varl\u0131\u011f\u0131 ve s\u00f6zle\u015fmeli \u00fcretim modeli kapsam\u0131nda ger\u00e7ekle\u015ftirilebilecek \u00e7al\u0131\u015fmalar de\u011ferlendirilirken, \u00fcreticiler ile sanayiciler aras\u0131ndaki i\u015f birli\u011finin g\u00fc\u00e7lendirilmesinin b\u00f6lge ekonomisi ve tar\u0131msal kalk\u0131nmaya sa\u011flayaca\u011f\u0131 katk\u0131lar ele al\u0131nd\u0131.<br \/>Say\u0131n Kaymakam\u0131m\u0131z Ali G\u00fcldo\u011fan, tar\u0131m sekt\u00f6r\u00fcnde s\u00fcrd\u00fcr\u00fclebilir ve istikrarl\u0131 bir \u00fcretim yap\u0131s\u0131n\u0131n olu\u015fturulmas\u0131, \u00fcreticilerin eme\u011finin ve gelirinin korunmas\u0131 a\u00e7\u0131s\u0131ndan s\u00f6zle\u015fmeli \u00fcretim modelinin \u00f6nemine vurgu yapt\u0131.<br \/>Toplant\u0131, kar\u015f\u0131l\u0131kl\u0131 g\u00f6r\u00fc\u015f ve de\u011ferlendirmelerin ard\u0131ndan sona erdi.<\/p><\/div>\t\t\t\t\t\t<\/div>\n\t\t\t\t<\/div>\n\t\t            <\/div>\r\n        <\/div>\r\n        \t\t\t<\/div>\n\t\t<\/section>\n\t\t        <section class=\"elementor-section elementor-top-section elementor-element elementor-element-de44280 elementor-section-boxed elementor-section-height-default elementor-section-height-default pxl-type-header-none pxl-row-scroll-none pxl-bg-color-none pxl-section-overlay-none\" data-id=\"de44280\" data-element_type=\"section\">\n\n                \n                <div class=\"elementor-container elementor-column-gap-default\">\n                <div class=\"elementor-column elementor-col-100 elementor-top-column elementor-element elementor-element-702976e pxl-col-none pxl-column-none\" data-id=\"702976e\" data-element_type=\"column\">\r\n        <div class=\"elementor-widget-wrap elementor-element-populated\">\r\n                     \r\n        \t\t<div class=\"elementor-element elementor-element-7fa46ce elementor-widget elementor-widget-bdt-advanced-image-gallery\" data-id=\"7fa46ce\" data-element_type=\"widget\" data-widget_type=\"bdt-advanced-image-gallery.default\">\n\t\t\t\t<div class=\"elementor-widget-container\">\n\t\t\t\t\t<div id=\"bdt-avdg-7fa46ce\" class=\"bdt-ep-advanced-image-gallery bdt-ep-advanced-image-gallery-skin-default jgallery\" data-jgallery-jfheight=\"260\" data-jgallery-itemgap=\"5\" data-bdt-lightbox=\"animation: slide;\" data-settings=\"{&quot;id&quot;:&quot;#bdt-avdg-7fa46ce&quot;,&quot;tiltShow&quot;:true}\">\n\t\t\t\n\t\t\t\t<div class=\"bdt-ep-advanced-image-gallery-item bdt-transition-toggle\">\n\t\t\t\t\t<div class=\"bdt-ep-advanced-image-gallery-inner\" data-tilt=\"\">\n\t\t\t\t\t\t<div class=\"bdt-ep-advanced-image-gallery-thumbnail bdt-transition-toggle\"><img fetchpriority=\"high\" decoding=\"async\" width=\"1010\" height=\"400\" src=\"https:\/\/salihliosb.org.tr\/wp-content\/uploads\/2026\/09\/1.png\" class=\"jgalleryImage\" alt=\"1\" srcset=\"https:\/\/salihliosb.org.tr\/wp-content\/uploads\/2026\/09\/1.png 1010w, https:\/\/salihliosb.org.tr\/wp-content\/uploads\/2026\/09\/1-300x119.png 300w, https:\/\/salihliosb.org.tr\/wp-content\/uploads\/2026\/09\/1-768x304.png 768w, https:\/\/salihliosb.org.tr\/wp-content\/uploads\/2026\/09\/1-18x7.png 18w, https:\/\/salihliosb.org.tr\/wp-content\/uploads\/2026\/09\/1-960x380.png 960w\" sizes=\"(max-width: 1010px) 100vw, 1010px\" \/><\/div>\t\t<div class=\"bdt-position-cover bdt-overlay bdt-overlay-default bdt-transition-fade\">\n\t\t\t<div class=\"bdt-ep-advanced-image-gallery-content\">\n\t\t\t\t<div class=\"bdt-ep-advanced-image-gallery-content-inner\">\n\n\t\t\t\t\t\t\t\t\t\t\t\t\t\t\t\t<div class=\"bdt-flex-inline bdt-ep-advanced-image-gallery-item-link-wrapper\">\n\t\t\t\t\t\t\t<a class=\"bdt-ep-advanced-image-gallery-item-link elementor-clickable icon-type-icon\" data-elementor-open-lightbox=\"no\" data-caption=\"\" data-href=\"https:\/\/salihliosb.org.tr\/wp-content\/uploads\/2026\/09\/1.png\">\n\t\t\t\t\t\t\t\t\n\t\t\t\t\t\t\t\t\t\t\t\t\t\t\t\t\t\t\t<span>\n\t\t\t\t\t\t\t\t\t\t\t<i class=\"ep-icon-plus-2\"><\/i>\n\t\t\t\t\t\t\t\t\t\t<\/span>\n\t\t\t\t\t\t\t\t\t\n\t\t\t\t\t\t\t\t\t\t\t\t\t\t\t<\/a>\n\t\t\t\t\t\t<\/div>\n\t\t\t\t\t\n\t\t\t\t\t\t\t\t\t<\/div>\n\t\t\t<\/div>\n\t\t<\/div>\n\t\t\t\t\t<\/div>\n\t\t\t\t\t\t\t\t\t<\/div>\n\n\t\t\t\n\t\t\t\t<div class=\"bdt-ep-advanced-image-gallery-item bdt-transition-toggle\">\n\t\t\t\t\t<div class=\"bdt-ep-advanced-image-gallery-inner\" data-tilt=\"\">\n\t\t\t\t\t\t<div class=\"bdt-ep-advanced-image-gallery-thumbnail bdt-transition-toggle\"><img decoding=\"async\" width=\"1010\" height=\"400\" src=\"https:\/\/salihliosb.org.tr\/wp-content\/uploads\/2026\/09\/2.png\" class=\"jgalleryImage\" alt=\"2\" srcset=\"https:\/\/salihliosb.org.tr\/wp-content\/uploads\/2026\/09\/2.png 1010w, https:\/\/salihliosb.org.tr\/wp-content\/uploads\/2026\/09\/2-300x119.png 300w, https:\/\/salihliosb.org.tr\/wp-content\/uploads\/2026\/09\/2-768x304.png 768w, https:\/\/salihliosb.org.tr\/wp-content\/uploads\/2026\/09\/2-18x7.png 18w, https:\/\/salihliosb.org.tr\/wp-content\/uploads\/2026\/09\/2-960x380.png 960w\" sizes=\"(max-width: 1010px) 100vw, 1010px\" \/><\/div>\t\t<div class=\"bdt-position-cover bdt-overlay bdt-overlay-default bdt-transition-fade\">\n\t\t\t<div class=\"bdt-ep-advanced-image-gallery-content\">\n\t\t\t\t<div class=\"bdt-ep-advanced-image-gallery-content-inner\">\n\n\t\t\t\t\t\t\t\t\t\t\t\t\t\t\t\t<div class=\"bdt-flex-inline bdt-ep-advanced-image-gallery-item-link-wrapper\">\n\t\t\t\t\t\t\t<a class=\"bdt-ep-advanced-image-gallery-item-link elementor-clickable icon-type-icon\" data-elementor-open-lightbox=\"no\" data-caption=\"\" data-href=\"https:\/\/salihliosb.org.tr\/wp-content\/uploads\/2026\/09\/2.png\">\n\t\t\t\t\t\t\t\t\n\t\t\t\t\t\t\t\t\t\t\t\t\t\t\t\t\t\t\t<span>\n\t\t\t\t\t\t\t\t\t\t\t<i class=\"ep-icon-plus-2\"><\/i>\n\t\t\t\t\t\t\t\t\t\t<\/span>\n\t\t\t\t\t\t\t\t\t\n\t\t\t\t\t\t\t\t\t\t\t\t\t\t\t<\/a>\n\t\t\t\t\t\t<\/div>\n\t\t\t\t\t\n\t\t\t\t\t\t\t\t\t<\/div>\n\t\t\t<\/div>\n\t\t<\/div>\n\t\t\t\t\t<\/div>\n\t\t\t\t\t\t\t\t\t<\/div>\n\n\t\t\t\n\t\t\t\t<div class=\"bdt-ep-advanced-image-gallery-item bdt-transition-toggle\">\n\t\t\t\t\t<div class=\"bdt-ep-advanced-image-gallery-inner\" data-tilt=\"\">\n\t\t\t\t\t\t<div class=\"bdt-ep-advanced-image-gallery-thumbnail bdt-transition-toggle\"><img decoding=\"async\" width=\"1010\" height=\"400\" src=\"https:\/\/salihliosb.org.tr\/wp-content\/uploads\/2026\/09\/3.png\" class=\"jgalleryImage\" alt=\"3\" srcset=\"https:\/\/salihliosb.org.tr\/wp-content\/uploads\/2026\/09\/3.png 1010w, https:\/\/salihliosb.org.tr\/wp-content\/uploads\/2026\/09\/3-300x119.png 300w, https:\/\/salihliosb.org.tr\/wp-content\/uploads\/2026\/09\/3-768x304.png 768w, https:\/\/salihliosb.org.tr\/wp-content\/uploads\/2026\/09\/3-18x7.png 18w, https:\/\/salihliosb.org.tr\/wp-content\/uploads\/2026\/09\/3-960x380.png 960w\" sizes=\"(max-width: 1010px) 100vw, 1010px\" \/><\/div>\t\t<div class=\"bdt-position-cover bdt-overlay bdt-overlay-default bdt-transition-fade\">\n\t\t\t<div class=\"bdt-ep-advanced-image-gallery-content\">\n\t\t\t\t<div class=\"bdt-ep-advanced-image-gallery-content-inner\">\n\n\t\t\t\t\t\t\t\t\t\t\t\t\t\t\t\t<div class=\"bdt-flex-inline bdt-ep-advanced-image-gallery-item-link-wrapper\">\n\t\t\t\t\t\t\t<a class=\"bdt-ep-advanced-image-gallery-item-link elementor-clickable icon-type-icon\" data-elementor-open-lightbox=\"no\" data-caption=\"\" data-href=\"https:\/\/salihliosb.org.tr\/wp-content\/uploads\/2026\/09\/3.png\">\n\t\t\t\t\t\t\t\t\n\t\t\t\t\t\t\t\t\t\t\t\t\t\t\t\t\t\t\t<span>\n\t\t\t\t\t\t\t\t\t\t\t<i class=\"ep-icon-plus-2\"><\/i>\n\t\t\t\t\t\t\t\t\t\t<\/span>\n\t\t\t\t\t\t\t\t\t\n\t\t\t\t\t\t\t\t\t\t\t\t\t\t\t<\/a>\n\t\t\t\t\t\t<\/div>\n\t\t\t\t\t\n\t\t\t\t\t\t\t\t\t<\/div>\n\t\t\t<\/div>\n\t\t<\/div>\n\t\t\t\t\t<\/div>\n\t\t\t\t\t\t\t\t\t<\/div>\n\n\t\t\t\t\t<\/div>\n\t\t\t<\/div>\n\t\t\t\t<\/div>\n\t\t            <\/div>\r\n        <\/div>\r\n        \t\t\t<\/div>\n\t\t<\/section>\n\t\t\t\t<\/div>","protected":false},"excerpt":{"rendered":"<p>SAL\u0130HL\u0130 \u00c7EVRE DERNE\u011e\u0130\u2019NDEN SAL\u0130HL\u0130 OSB ATIKSU ARITMA TES\u0130S\u0130\u2019NE Z\u0130YARET Salihli \u00c7evre Derne\u011fi Ba\u015fkan\u0131 Erdem Durmaz ve Y\u00f6netim Kurulu \u00dcyeleri, Salihli Organize Sanayi B\u00f6lgesi At\u0131ksu Ar\u0131tma Tesisimizi ziyaret etti. Ziyarete, Salihli OSB Y\u00f6netim Kurulu Ba\u015fkan Vekilimiz Say\u0131n Yunus Er de kat\u0131l\u0131m sa\u011flad\u0131. Ziyaret kapsam\u0131nda B\u00f6lge M\u00fcd\u00fcr\u00fcm\u00fcz \u00c7a\u011fr\u0131 Duygu ve \u00c7evre M\u00fchendisimiz Emrah Dal taraf\u0131ndan b\u00f6lgemiz, At\u0131ksu [&hellip;]<\/p>","protected":false},"author":1,"featured_media":13144,"comment_status":"closed","ping_status":"open","sticky":false,"template":"","format":"standard","meta":{"footnotes":""},"categories":[1,22],"tags":[],"class_list":["post-13143","post","type-post","status-publish","format-standard","has-post-thumbnail","hentry","category-duyurular","category-haberler"],"yoast_head":"<!-- This site is optimized with the Yoast SEO Premium plugin v22.5 (Yoast SEO v24.2) - https:\/\/yoast.com\/wordpress\/plugins\/seo\/ -->\n<title>SAL\u0130HL\u0130 ORGAN\u0130ZE SANAY\u0130 B\u00d6LGES\u0130NDE S\u00d6ZLE\u015eMEL\u0130 TARIMSAL \u00dcRET\u0130M B\u0130LG\u0130 ALI\u015eVER\u0130\u015e\u0130 TOPLANTISI - Salihli Organize Sanayi B\u00f6lgesi M\u00fcd\u00fcrl\u00fc\u011f\u00fc<\/title>\n<meta name=\"robots\" content=\"index, follow, max-snippet:-1, max-image-preview:large, max-video-preview:-1\" \/>\n<link rel=\"canonical\" href=\"https:\/\/salihliosb.org.tr\/en\/salihli-organize-sanayi-bolgesinde-sozlesmeli-tarimsal-uretim-bilgi-alisverisi-toplantisi-2026-2\/\" \/>\n<meta property=\"og:locale\" content=\"en_US\" \/>\n<meta property=\"og:type\" content=\"article\" \/>\n<meta property=\"og:title\" content=\"SAL\u0130HL\u0130 ORGAN\u0130ZE SANAY\u0130 B\u00d6LGES\u0130NDE S\u00d6ZLE\u015eMEL\u0130 TARIMSAL \u00dcRET\u0130M B\u0130LG\u0130 ALI\u015eVER\u0130\u015e\u0130 TOPLANTISI\" \/>\n<meta property=\"og:description\" content=\"SAL\u0130HL\u0130 \u00c7EVRE DERNE\u011e\u0130\u2019NDEN SAL\u0130HL\u0130 OSB ATIKSU ARITMA TES\u0130S\u0130\u2019NE Z\u0130YARET Salihli \u00c7evre Derne\u011fi Ba\u015fkan\u0131 Erdem Durmaz ve Y\u00f6netim Kurulu \u00dcyeleri, Salihli Organize Sanayi B\u00f6lgesi At\u0131ksu Ar\u0131tma Tesisimizi ziyaret etti. Ziyarete, Salihli OSB Y\u00f6netim Kurulu Ba\u015fkan Vekilimiz Say\u0131n Yunus Er de kat\u0131l\u0131m sa\u011flad\u0131. Ziyaret kapsam\u0131nda B\u00f6lge M\u00fcd\u00fcr\u00fcm\u00fcz \u00c7a\u011fr\u0131 Duygu ve \u00c7evre M\u00fchendisimiz Emrah Dal taraf\u0131ndan b\u00f6lgemiz, At\u0131ksu [&hellip;]\" \/>\n<meta property=\"og:url\" content=\"https:\/\/salihliosb.org.tr\/en\/salihli-organize-sanayi-bolgesinde-sozlesmeli-tarimsal-uretim-bilgi-alisverisi-toplantisi-2026-2\/\" \/>\n<meta property=\"og:site_name\" content=\"Salihli Organize Sanayi B\u00f6lgesi M\u00fcd\u00fcrl\u00fc\u011f\u00fc\" \/>\n<meta property=\"article:published_time\" content=\"2026-09-04T07:26:05+00:00\" \/>\n<meta property=\"article:modified_time\" content=\"2026-09-04T07:28:05+00:00\" \/>\n<meta property=\"og:image\" content=\"https:\/\/salihliosb.org.tr\/wp-content\/uploads\/2026\/09\/1.png\" \/>\n\t<meta property=\"og:image:width\" content=\"1010\" \/>\n\t<meta property=\"og:image:height\" content=\"400\" \/>\n\t<meta property=\"og:image:type\" content=\"image\/png\" \/>\n<meta name=\"author\" content=\"salihliosb.org.tr\" \/>\n<meta name=\"twitter:card\" content=\"summary_large_image\" \/>\n<meta name=\"twitter:label1\" content=\"Written by\" \/>\n\t<meta name=\"twitter:data1\" content=\"salihliosb.org.tr\" \/>\n\t<meta name=\"twitter:label2\" content=\"Est. reading time\" \/>\n\t<meta name=\"twitter:data2\" content=\"3 minutes\" \/>\n<script type=\"application\/ld+json\" class=\"yoast-schema-graph\">{\"@context\":\"https:\/\/schema.org\",\"@graph\":[{\"@type\":\"Article\",\"@id\":\"https:\/\/salihliosb.org.tr\/salihli-organize-sanayi-bolgesinde-sozlesmeli-tarimsal-uretim-bilgi-alisverisi-toplantisi-2026-2\/#article\",\"isPartOf\":{\"@id\":\"https:\/\/salihliosb.org.tr\/salihli-organize-sanayi-bolgesinde-sozlesmeli-tarimsal-uretim-bilgi-alisverisi-toplantisi-2026-2\/\"},\"author\":{\"name\":\"salihliosb.org.tr\",\"@id\":\"https:\/\/salihliosb.org.tr\/#\/schema\/person\/83f8dd99ae397801f081b01ed75213bb\"},\"headline\":\"SAL\u0130HL\u0130 ORGAN\u0130ZE SANAY\u0130 B\u00d6LGES\u0130NDE S\u00d6ZLE\u015eMEL\u0130 TARIMSAL \u00dcRET\u0130M B\u0130LG\u0130 ALI\u015eVER\u0130\u015e\u0130 TOPLANTISI\",\"datePublished\":\"2026-09-04T07:26:05+00:00\",\"dateModified\":\"2026-09-04T07:28:05+00:00\",\"mainEntityOfPage\":{\"@id\":\"https:\/\/salihliosb.org.tr\/salihli-organize-sanayi-bolgesinde-sozlesmeli-tarimsal-uretim-bilgi-alisverisi-toplantisi-2026-2\/\"},\"wordCount\":198,\"publisher\":{\"@id\":\"https:\/\/salihliosb.org.tr\/#organization\"},\"image\":{\"@id\":\"https:\/\/salihliosb.org.tr\/salihli-organize-sanayi-bolgesinde-sozlesmeli-tarimsal-uretim-bilgi-alisverisi-toplantisi-2026-2\/#primaryimage\"},\"thumbnailUrl\":\"https:\/\/salihliosb.org.tr\/wp-content\/uploads\/2026\/09\/1.png\",\"articleSection\":[\"Duyurular\",\"Haberler\"],\"inLanguage\":\"en-US\"},{\"@type\":\"WebPage\",\"@id\":\"https:\/\/salihliosb.org.tr\/salihli-organize-sanayi-bolgesinde-sozlesmeli-tarimsal-uretim-bilgi-alisverisi-toplantisi-2026-2\/\",\"url\":\"https:\/\/salihliosb.org.tr\/salihli-organize-sanayi-bolgesinde-sozlesmeli-tarimsal-uretim-bilgi-alisverisi-toplantisi-2026-2\/\",\"name\":\"SAL\u0130HL\u0130 ORGAN\u0130ZE SANAY\u0130 B\u00d6LGES\u0130NDE S\u00d6ZLE\u015eMEL\u0130 TARIMSAL \u00dcRET\u0130M B\u0130LG\u0130 ALI\u015eVER\u0130\u015e\u0130 TOPLANTISI - Salihli Organize Sanayi B\u00f6lgesi M\u00fcd\u00fcrl\u00fc\u011f\u00fc\",\"isPartOf\":{\"@id\":\"https:\/\/salihliosb.org.tr\/#website\"},\"primaryImageOfPage\":{\"@id\":\"https:\/\/salihliosb.org.tr\/salihli-organize-sanayi-bolgesinde-sozlesmeli-tarimsal-uretim-bilgi-alisverisi-toplantisi-2026-2\/#primaryimage\"},\"image\":{\"@id\":\"https:\/\/salihliosb.org.tr\/salihli-organize-sanayi-bolgesinde-sozlesmeli-tarimsal-uretim-bilgi-alisverisi-toplantisi-2026-2\/#primaryimage\"},\"thumbnailUrl\":\"https:\/\/salihliosb.org.tr\/wp-content\/uploads\/2026\/09\/1.png\",\"datePublished\":\"2026-09-04T07:26:05+00:00\",\"dateModified\":\"2026-09-04T07:28:05+00:00\",\"breadcrumb\":{\"@id\":\"https:\/\/salihliosb.org.tr\/salihli-organize-sanayi-bolgesinde-sozlesmeli-tarimsal-uretim-bilgi-alisverisi-toplantisi-2026-2\/#breadcrumb\"},\"inLanguage\":\"en-US\",\"potentialAction\":[{\"@type\":\"ReadAction\",\"target\":[\"https:\/\/salihliosb.org.tr\/salihli-organize-sanayi-bolgesinde-sozlesmeli-tarimsal-uretim-bilgi-alisverisi-toplantisi-2026-2\/\"]}]},{\"@type\":\"ImageObject\",\"inLanguage\":\"en-US\",\"@id\":\"https:\/\/salihliosb.org.tr\/salihli-organize-sanayi-bolgesinde-sozlesmeli-tarimsal-uretim-bilgi-alisverisi-toplantisi-2026-2\/#primaryimage\",\"url\":\"https:\/\/salihliosb.org.tr\/wp-content\/uploads\/2026\/09\/1.png\",\"contentUrl\":\"https:\/\/salihliosb.org.tr\/wp-content\/uploads\/2026\/09\/1.png\",\"width\":1010,\"height\":400},{\"@type\":\"BreadcrumbList\",\"@id\":\"https:\/\/salihliosb.org.tr\/salihli-organize-sanayi-bolgesinde-sozlesmeli-tarimsal-uretim-bilgi-alisverisi-toplantisi-2026-2\/#breadcrumb\",\"itemListElement\":[{\"@type\":\"ListItem\",\"position\":1,\"name\":\"Anasayfa\",\"item\":\"https:\/\/salihliosb.org.tr\/\"},{\"@type\":\"ListItem\",\"position\":2,\"name\":\"SAL\u0130HL\u0130 ORGAN\u0130ZE SANAY\u0130 B\u00d6LGES\u0130NDE S\u00d6ZLE\u015eMEL\u0130 TARIMSAL \u00dcRET\u0130M B\u0130LG\u0130 ALI\u015eVER\u0130\u015e\u0130 TOPLANTISI\"}]},{\"@type\":\"WebSite\",\"@id\":\"https:\/\/salihliosb.org.tr\/#website\",\"url\":\"https:\/\/salihliosb.org.tr\/\",\"name\":\"Salihli Organize Sanayi B\u00f6lgesi M\u00fcd\u00fcrl\u00fc\u011f\u00fc\",\"description\":\"Sanayiye ve B\u00f6lgeye De\u011fer Kat\u0131yoruz, Gelece\u011fi \u0130n\u015fa Ediyoruz!\",\"publisher\":{\"@id\":\"https:\/\/salihliosb.org.tr\/#organization\"},\"potentialAction\":[{\"@type\":\"SearchAction\",\"target\":{\"@type\":\"EntryPoint\",\"urlTemplate\":\"https:\/\/salihliosb.org.tr\/?s={search_term_string}\"},\"query-input\":{\"@type\":\"PropertyValueSpecification\",\"valueRequired\":true,\"valueName\":\"search_term_string\"}}],\"inLanguage\":\"en-US\"},{\"@type\":\"Organization\",\"@id\":\"https:\/\/salihliosb.org.tr\/#organization\",\"name\":\"Salihli Organize Sanayi B\u00f6lgesi M\u00fcd\u00fcrl\u00fc\u011f\u00fc\",\"url\":\"https:\/\/salihliosb.org.tr\/\",\"logo\":{\"@type\":\"ImageObject\",\"inLanguage\":\"en-US\",\"@id\":\"https:\/\/salihliosb.org.tr\/#\/schema\/logo\/image\/\",\"url\":\"https:\/\/salihliosb.org.tr\/wp-content\/uploads\/2024\/09\/cropped-logo-400.png\",\"contentUrl\":\"https:\/\/salihliosb.org.tr\/wp-content\/uploads\/2024\/09\/cropped-logo-400.png\",\"width\":512,\"height\":512,\"caption\":\"Salihli Organize Sanayi B\u00f6lgesi M\u00fcd\u00fcrl\u00fc\u011f\u00fc\"},\"image\":{\"@id\":\"https:\/\/salihliosb.org.tr\/#\/schema\/logo\/image\/\"}},{\"@type\":\"Person\",\"@id\":\"https:\/\/salihliosb.org.tr\/#\/schema\/person\/83f8dd99ae397801f081b01ed75213bb\",\"name\":\"salihliosb.org.tr\",\"image\":{\"@type\":\"ImageObject\",\"inLanguage\":\"en-US\",\"@id\":\"https:\/\/salihliosb.org.tr\/#\/schema\/person\/image\/\",\"url\":\"https:\/\/salihliosb.org.tr\/wp-content\/litespeed\/avatar\/024fa5c72965f6026a62b8db1766b29c.jpg?ver=1788456669\",\"contentUrl\":\"https:\/\/salihliosb.org.tr\/wp-content\/litespeed\/avatar\/024fa5c72965f6026a62b8db1766b29c.jpg?ver=1788456669\",\"caption\":\"salihliosb.org.tr\"},\"sameAs\":[\"https:\/\/salihliosb.org.tr\"],\"url\":\"https:\/\/salihliosb.org.tr\/en\/author\/darkgoldenrod-curlew-677796-hostingersite-com\/\"}]}<\/script>\n<!-- \/ Yoast SEO Premium plugin. -->","yoast_head_json":{"title":"SAL\u0130HL\u0130 ORGAN\u0130ZE SANAY\u0130 B\u00d6LGES\u0130NDE S\u00d6ZLE\u015eMEL\u0130 TARIMSAL \u00dcRET\u0130M B\u0130LG\u0130 ALI\u015eVER\u0130\u015e\u0130 TOPLANTISI - Salihli Organize Sanayi B\u00f6lgesi M\u00fcd\u00fcrl\u00fc\u011f\u00fc","robots":{"index":"index","follow":"follow","max-snippet":"max-snippet:-1","max-image-preview":"max-image-preview:large","max-video-preview":"max-video-preview:-1"},"canonical":"https:\/\/salihliosb.org.tr\/en\/salihli-organize-sanayi-bolgesinde-sozlesmeli-tarimsal-uretim-bilgi-alisverisi-toplantisi-2026-2\/","og_locale":"en_US","og_type":"article","og_title":"SAL\u0130HL\u0130 ORGAN\u0130ZE SANAY\u0130 B\u00d6LGES\u0130NDE S\u00d6ZLE\u015eMEL\u0130 TARIMSAL \u00dcRET\u0130M B\u0130LG\u0130 ALI\u015eVER\u0130\u015e\u0130 TOPLANTISI","og_description":"SAL\u0130HL\u0130 \u00c7EVRE DERNE\u011e\u0130\u2019NDEN SAL\u0130HL\u0130 OSB ATIKSU ARITMA TES\u0130S\u0130\u2019NE Z\u0130YARET Salihli \u00c7evre Derne\u011fi Ba\u015fkan\u0131 Erdem Durmaz ve Y\u00f6netim Kurulu \u00dcyeleri, Salihli Organize Sanayi B\u00f6lgesi At\u0131ksu Ar\u0131tma Tesisimizi ziyaret etti. Ziyarete, Salihli OSB Y\u00f6netim Kurulu Ba\u015fkan Vekilimiz Say\u0131n Yunus Er de kat\u0131l\u0131m sa\u011flad\u0131. Ziyaret kapsam\u0131nda B\u00f6lge M\u00fcd\u00fcr\u00fcm\u00fcz \u00c7a\u011fr\u0131 Duygu ve \u00c7evre M\u00fchendisimiz Emrah Dal taraf\u0131ndan b\u00f6lgemiz, At\u0131ksu [&hellip;]","og_url":"https:\/\/salihliosb.org.tr\/en\/salihli-organize-sanayi-bolgesinde-sozlesmeli-tarimsal-uretim-bilgi-alisverisi-toplantisi-2026-2\/","og_site_name":"Salihli Organize Sanayi B\u00f6lgesi M\u00fcd\u00fcrl\u00fc\u011f\u00fc","article_published_time":"2026-09-04T07:26:05+00:00","article_modified_time":"2026-09-04T07:28:05+00:00","og_image":[{"width":1010,"height":400,"url":"https:\/\/salihliosb.org.tr\/wp-content\/uploads\/2026\/09\/1.png","type":"image\/png"}],"author":"salihliosb.org.tr","twitter_card":"summary_large_image","twitter_misc":{"Written by":"salihliosb.org.tr","Est. reading time":"3 minutes"},"schema":{"@context":"https:\/\/schema.org","@graph":[{"@type":"Article","@id":"https:\/\/salihliosb.org.tr\/salihli-organize-sanayi-bolgesinde-sozlesmeli-tarimsal-uretim-bilgi-alisverisi-toplantisi-2026-2\/#article","isPartOf":{"@id":"https:\/\/salihliosb.org.tr\/salihli-organize-sanayi-bolgesinde-sozlesmeli-tarimsal-uretim-bilgi-alisverisi-toplantisi-2026-2\/"},"author":{"name":"salihliosb.org.tr","@id":"https:\/\/salihliosb.org.tr\/#\/schema\/person\/83f8dd99ae397801f081b01ed75213bb"},"headline":"SAL\u0130HL\u0130 ORGAN\u0130ZE SANAY\u0130 B\u00d6LGES\u0130NDE S\u00d6ZLE\u015eMEL\u0130 TARIMSAL \u00dcRET\u0130M B\u0130LG\u0130 ALI\u015eVER\u0130\u015e\u0130 TOPLANTISI","datePublished":"2026-09-04T07:26:05+00:00","dateModified":"2026-09-04T07:28:05+00:00","mainEntityOfPage":{"@id":"https:\/\/salihliosb.org.tr\/salihli-organize-sanayi-bolgesinde-sozlesmeli-tarimsal-uretim-bilgi-alisverisi-toplantisi-2026-2\/"},"wordCount":198,"publisher":{"@id":"https:\/\/salihliosb.org.tr\/#organization"},"image":{"@id":"https:\/\/salihliosb.org.tr\/salihli-organize-sanayi-bolgesinde-sozlesmeli-tarimsal-uretim-bilgi-alisverisi-toplantisi-2026-2\/#primaryimage"},"thumbnailUrl":"https:\/\/salihliosb.org.tr\/wp-content\/uploads\/2026\/09\/1.png","articleSection":["Duyurular","Haberler"],"inLanguage":"en-US"},{"@type":"WebPage","@id":"https:\/\/salihliosb.org.tr\/salihli-organize-sanayi-bolgesinde-sozlesmeli-tarimsal-uretim-bilgi-alisverisi-toplantisi-2026-2\/","url":"https:\/\/salihliosb.org.tr\/salihli-organize-sanayi-bolgesinde-sozlesmeli-tarimsal-uretim-bilgi-alisverisi-toplantisi-2026-2\/","name":"SAL\u0130HL\u0130 ORGAN\u0130ZE SANAY\u0130 B\u00d6LGES\u0130NDE S\u00d6ZLE\u015eMEL\u0130 TARIMSAL \u00dcRET\u0130M B\u0130LG\u0130 ALI\u015eVER\u0130\u015e\u0130 TOPLANTISI - Salihli Organize Sanayi B\u00f6lgesi M\u00fcd\u00fcrl\u00fc\u011f\u00fc","isPartOf":{"@id":"https:\/\/salihliosb.org.tr\/#website"},"primaryImageOfPage":{"@id":"https:\/\/salihliosb.org.tr\/salihli-organize-sanayi-bolgesinde-sozlesmeli-tarimsal-uretim-bilgi-alisverisi-toplantisi-2026-2\/#primaryimage"},"image":{"@id":"https:\/\/salihliosb.org.tr\/salihli-organize-sanayi-bolgesinde-sozlesmeli-tarimsal-uretim-bilgi-alisverisi-toplantisi-2026-2\/#primaryimage"},"thumbnailUrl":"https:\/\/salihliosb.org.tr\/wp-content\/uploads\/2026\/09\/1.png","datePublished":"2026-09-04T07:26:05+00:00","dateModified":"2026-09-04T07:28:05+00:00","breadcrumb":{"@id":"https:\/\/salihliosb.org.tr\/salihli-organize-sanayi-bolgesinde-sozlesmeli-tarimsal-uretim-bilgi-alisverisi-toplantisi-2026-2\/#breadcrumb"},"inLanguage":"en-US","potentialAction":[{"@type":"ReadAction","target":["https:\/\/salihliosb.org.tr\/salihli-organize-sanayi-bolgesinde-sozlesmeli-tarimsal-uretim-bilgi-alisverisi-toplantisi-2026-2\/"]}]},{"@type":"ImageObject","inLanguage":"en-US","@id":"https:\/\/salihliosb.org.tr\/salihli-organize-sanayi-bolgesinde-sozlesmeli-tarimsal-uretim-bilgi-alisverisi-toplantisi-2026-2\/#primaryimage","url":"https:\/\/salihliosb.org.tr\/wp-content\/uploads\/2026\/09\/1.png","contentUrl":"https:\/\/salihliosb.org.tr\/wp-content\/uploads\/2026\/09\/1.png","width":1010,"height":400},{"@type":"BreadcrumbList","@id":"https:\/\/salihliosb.org.tr\/salihli-organize-sanayi-bolgesinde-sozlesmeli-tarimsal-uretim-bilgi-alisverisi-toplantisi-2026-2\/#breadcrumb","itemListElement":[{"@type":"ListItem","position":1,"name":"Anasayfa","item":"https:\/\/salihliosb.org.tr\/"},{"@type":"ListItem","position":2,"name":"SAL\u0130HL\u0130 ORGAN\u0130ZE SANAY\u0130 B\u00d6LGES\u0130NDE S\u00d6ZLE\u015eMEL\u0130 TARIMSAL \u00dcRET\u0130M B\u0130LG\u0130 ALI\u015eVER\u0130\u015e\u0130 TOPLANTISI"}]},{"@type":"WebSite","@id":"https:\/\/salihliosb.org.tr\/#website","url":"https:\/\/salihliosb.org.tr\/","name":"Salihli Organize Sanayi B\u00f6lgesi M\u00fcd\u00fcrl\u00fc\u011f\u00fc","description":"Sanayiye ve B\u00f6lgeye De\u011fer Kat\u0131yoruz, Gelece\u011fi \u0130n\u015fa Ediyoruz!","publisher":{"@id":"https:\/\/salihliosb.org.tr\/#organization"},"potentialAction":[{"@type":"SearchAction","target":{"@type":"EntryPoint","urlTemplate":"https:\/\/salihliosb.org.tr\/?s={search_term_string}"},"query-input":{"@type":"PropertyValueSpecification","valueRequired":true,"valueName":"search_term_string"}}],"inLanguage":"en-US"},{"@type":"Organization","@id":"https:\/\/salihliosb.org.tr\/#organization","name":"Salihli Organize Sanayi B\u00f6lgesi M\u00fcd\u00fcrl\u00fc\u011f\u00fc","url":"https:\/\/salihliosb.org.tr\/","logo":{"@type":"ImageObject","inLanguage":"en-US","@id":"https:\/\/salihliosb.org.tr\/#\/schema\/logo\/image\/","url":"https:\/\/salihliosb.org.tr\/wp-content\/uploads\/2024\/09\/cropped-logo-400.png","contentUrl":"https:\/\/salihliosb.org.tr\/wp-content\/uploads\/2024\/09\/cropped-logo-400.png","width":512,"height":512,"caption":"Salihli Organize Sanayi B\u00f6lgesi M\u00fcd\u00fcrl\u00fc\u011f\u00fc"},"image":{"@id":"https:\/\/salihliosb.org.tr\/#\/schema\/logo\/image\/"}},{"@type":"Person","@id":"https:\/\/salihliosb.org.tr\/#\/schema\/person\/83f8dd99ae397801f081b01ed75213bb","name":"salihliosb.org.tr","image":{"@type":"ImageObject","inLanguage":"en-US","@id":"https:\/\/salihliosb.org.tr\/#\/schema\/person\/image\/","url":"https:\/\/salihliosb.org.tr\/wp-content\/litespeed\/avatar\/024fa5c72965f6026a62b8db1766b29c.jpg?ver=1788456669","contentUrl":"https:\/\/salihliosb.org.tr\/wp-content\/litespeed\/avatar\/024fa5c72965f6026a62b8db1766b29c.jpg?ver=1788456669","caption":"salihliosb.org.tr"},"sameAs":["https:\/\/salihliosb.org.tr"],"url":"https:\/\/salihliosb.org.tr\/en\/author\/darkgoldenrod-curlew-677796-hostingersite-com\/"}]}},"_links":{"self":[{"href":"https:\/\/salihliosb.org.tr\/en\/wp-json\/wp\/v2\/posts\/13143","targetHints":{"allow":["GET"]}}],"collection":[{"href":"https:\/\/salihliosb.org.tr\/en\/wp-json\/wp\/v2\/posts"}],"about":[{"href":"https:\/\/salihliosb.org.tr\/en\/wp-json\/wp\/v2\/types\/post"}],"author":[{"embeddable":true,"href":"https:\/\/salihliosb.org.tr\/en\/wp-json\/wp\/v2\/users\/1"}],"replies":[{"embeddable":true,"href":"https:\/\/salihliosb.org.tr\/en\/wp-json\/wp\/v2\/comments?post=13143"}],"version-history":[{"count":5,"href":"https:\/\/salihliosb.org.tr\/en\/wp-json\/wp\/v2\/posts\/13143\/revisions"}],"predecessor-version":[{"id":13150,"href":"https:\/\/salihliosb.org.tr\/en\/wp-json\/wp\/v2\/posts\/13143\/revisions\/13150"}],"wp:featuredmedia":[{"embeddable":true,"href":"https:\/\/salihliosb.org.tr\/en\/wp-json\/wp\/v2\/media\/13144"}],"wp:attachment":[{"href":"https:\/\/salihliosb.org.tr\/en\/wp-json\/wp\/v2\/media?parent=13143"}],"wp:term":[{"taxonomy":"category","embeddable":true,"href":"https:\/\/salihliosb.org.tr\/en\/wp-json\/wp\/v2\/categories?post=13143"},{"taxonomy":"post_tag","embeddable":true,"href":"https:\/\/salihliosb.org.tr\/en\/wp-json\/wp\/v2\/tags?post=13143"}],"curies":[{"name":"wp","href":"https:\/\/api.w.org\/{rel}","templated":true}]}}